{"id":401,"date":"2025-08-11T11:18:24","date_gmt":"2025-08-11T11:18:24","guid":{"rendered":"https:\/\/visitpiatraneamt.ro\/?p=401"},"modified":"2025-10-09T06:03:41","modified_gmt":"2025-10-09T06:03:41","slug":"fall-in-love-with-our-history","status":"publish","type":"post","link":"https:\/\/visitpiatraneamt.ro\/en\/fall-in-love-with-our-history\/","title":{"rendered":"Fall in Love with Piatra-Neam\u021b&#8217;s History"},"content":{"rendered":"<p>With a rich cultural heritage and a long history dating back to the Paleolithic period, the municipality of Piatra Neam\u021b enjoys a vast cultural and historical legacy, with vestiges of the ancient Cucuteni civilization, evidence of the era of the great voivode Stephen the Great, and cultural imprints of prominent figures in culture, science, and art.<\/p>\n\n\n\n<p>Benefiting from a unique natural setting and easy access to all points of the compass, the territory of today's municipality of Piatra-Neam\u021b has been a permanent place of residence.<\/p>\n\n\n\n<p>The oldest archaeological evidence comes from the settlement at Poiana Cire\u0219ului (on the banks of the Doamna stream) and dates back to the Upper Paleolithic, being characteristic of the Gravettian culture.<\/p>\n\n\n\n<p>Subsequently, for over two millennia, the Neolithic population at the foot of Cozla and Pietricica experienced a fruitful evolution, expressed through a material culture that developed from Precucuteni to the Cucuteni B phase. This is the era when the settlements of Izvoare and V\u0103leni were established and developed, and those masterpieces of Cucuteni pottery were created.<\/p>\n\n\n\n<p>The Cucuteni civilization is probably the most important cultural manifestation in European prehistory, given the high degree of development achieved by its human communities.<\/p>\n\n\n\n<p>It originated in the Subcarpathian region of Moldova, from where it spread over a vast area, covering the present-day territories of Romania (southeastern Transylvania, northeastern Muntenia, Moldova, and Bukovina), the Republic of Moldova, and Ukraine.<\/p>\n\n\n\n<p>It evolved over a period of a millennium and a half (approx. 5000-3500 BC), through several phases and stages, covering the entire Eneolithic period in this part of Europe.<\/p>\n\n\n\n<p>However, its fame is due to its masterpieces of decorative art (represented by richly ornamented vessels) and figurative art (represented by anthropomorphic statuettes and zoomorphic figurines), characterized by exceptional refinement and remarkable symmetry of forms and decorations.<\/p>\n\n\n\n<p><br>But the most significant evidence of the distant history of our locality is that which belongs to the Geto-Dacian civilization (on the heights of B\u00e2tca Doamnei and Cozla). The size, wealth, and power of these centers, which reached their peak between the 1st century BC and the 1st century AD, led to their identification with \"Petrodava,\" mentioned in Ptolemy's \"Geography\" as a fortress located between the Carpathians and the Siret River, guarding the peaks of the Carpathians. Historians believed that the fortress of Petrodava was the capital of the Dacian king Dicomes (Octavianus's adversary), who transformed the settlement into a powerful political and military center. Historians believed that the city of Petrodava was the capital of the Dacian king Dicomes (Octavianus's adversary), who transformed the settlement into a powerful political and military center whose strength and size were on par with the ancient civilizations of the period.<\/p>\n\n\n\n<p>The Dacian ruins at B\u00e2tca Doamnei cover an area of approximately 20,000 square meters on the central plateau and western terraces. The most important building is the sanctuary, which represents the center of habitation at B\u00e2tca Doamnei.<\/p>\n\n\n\n<p>The first mention in an external document is from 1387 under the name \"Kamena\" (Stone) in the \"list of Wallachian cities,\" an appendix to the \"Complete Collection of Russian Chronicles from 1387-1392,\" and in an internal document dated July 31, 1431, when Prince Alexander the Good donated to the Bistri\u021ba Monastery \"...a house belonging to Cr\u0103ciun from Piatra.\"<\/p>\n\n\n\n<p>The settlement underwent significant development during the reign of Stephen the Great, when the Medieval Royal Court Complex was built, consisting of the Church of St. John the Baptist and the Bell Tower, and the settlement was granted the status of a royal market town.<\/p>\n\n\n\n<p>In the modern era (early 17th century), the town developed as a center of agricultural and craft production. The era of industrialisation led to the emergence of the first factories (for cloth, paper processing, timber and soap), so that by the end of the 18th century and the beginning of the 19th century, Piatra had become the most important urban and commercial centre in the Neam\u0163 region. The development of the city led to the construction of the Piatra Neam\u0163\u2013Bac\u0103u railway (February 15, 1885) and the opening of a local branch of the National Bank. In the first part of the 20th century, the main industries continued to be wood (lumber), food, and textiles. The complex industrialization of the second half of the 20th century changed the economic structure, developing, through significant investments, the chemical, textile, and machine-building industries.<\/p>\n\n\n\n<p>In 1864, the city became Piatra Neam\u021b by adding the word Neam\u021b to its name in order to distinguish it from other localities that bore the name Piatra at that time.<\/p>\n\n\n\n<p>There have been various discussions and hypotheses about the origin of the toponym Neam\u021b.<\/p>\n\n\n\n<p>Many historians and linguists (including N. Iorga) consider the toponym \"Neam\u021b\" to be of Slavic origin, from the term \"nemeti,\" which means quiet or silent, defining the characteristics of the area.<\/p>\n\n\n\n<p>Another hypothesis, formulated by B. P. Ha\u0219deu, states that the name \"Neam\u021b\" refers to the group of Germans and Saxons who participated in the construction of Neam\u021b Fortress.<\/p>\n\n\n\n<p>The spiritual patron is St. John the Baptist, and the city's day is celebrated on June 24, a day linked to the cult of the harvest and vegetation, known in popular tradition as \"S\u00e2nziene\" or \"Dr\u0103gaica.\"<\/p>\n\n\n\n<p>&nbsp;&nbsp;&nbsp;&nbsp;&nbsp;&nbsp;&nbsp;&nbsp;&nbsp;&nbsp;&nbsp;&nbsp;&nbsp;&nbsp; Today, the municipality of Piatra-Neam\u021b is the seat of Neam\u021b County and the North-East development region and the most important urban center in the Neam\u021b region, receiving the name of the Pearl of Moldova. In 2010, by Government Decision No. 511\/2010, the municipality became a tourist resort of national interest, enjoying all the benefits that come with this title.<\/p>","protected":false},"excerpt":{"rendered":"<p>Cu un bogat patrimoniu cultural \u0219i o istorie \u00eendelungat\u0103 ce dateaz\u0103 din perioada paleoliticului municipiul Piatra Neam\u021b se bucur\u0103 de o vast\u0103 mo\u0219tenire cultural\u0103 \u0219i istoric\u0103, av\u00e2nd pe teritoriul s\u0103u vestigii ale civiliza\u021biei str\u0103vechi Cucuteni, m\u0103rturii ale epocii m\u0103re\u021bului voievod \u0218tefan cel Mare \u0219i amprente&hellip;<\/p>","protected":false},"author":1,"featured_media":6127,"comment_status":"closed","ping_status":"open","sticky":false,"template":"","format":"video","meta":{"pagelayer_contact_templates":[],"_pagelayer_content":"","footnotes":""},"categories":[90],"tags":[97,98],"class_list":["post-401","post","type-post","status-publish","format-video","has-post-thumbnail","hentry","category-attractions","tag-cucuteni","tag-moldova","post_format-post-format-video"],"_links":{"self":[{"href":"https:\/\/visitpiatraneamt.ro\/en\/wp-json\/wp\/v2\/posts\/401","targetHints":{"allow":["GET"]}}],"collection":[{"href":"https:\/\/visitpiatraneamt.ro\/en\/wp-json\/wp\/v2\/posts"}],"about":[{"href":"https:\/\/visitpiatraneamt.ro\/en\/wp-json\/wp\/v2\/types\/post"}],"author":[{"embeddable":true,"href":"https:\/\/visitpiatraneamt.ro\/en\/wp-json\/wp\/v2\/users\/1"}],"replies":[{"embeddable":true,"href":"https:\/\/visitpiatraneamt.ro\/en\/wp-json\/wp\/v2\/comments?post=401"}],"version-history":[{"count":2,"href":"https:\/\/visitpiatraneamt.ro\/en\/wp-json\/wp\/v2\/posts\/401\/revisions"}],"predecessor-version":[{"id":6852,"href":"https:\/\/visitpiatraneamt.ro\/en\/wp-json\/wp\/v2\/posts\/401\/revisions\/6852"}],"wp:featuredmedia":[{"embeddable":true,"href":"https:\/\/visitpiatraneamt.ro\/en\/wp-json\/wp\/v2\/media\/6127"}],"wp:attachment":[{"href":"https:\/\/visitpiatraneamt.ro\/en\/wp-json\/wp\/v2\/media?parent=401"}],"wp:term":[{"taxonomy":"category","embeddable":true,"href":"https:\/\/visitpiatraneamt.ro\/en\/wp-json\/wp\/v2\/categories?post=401"},{"taxonomy":"post_tag","embeddable":true,"href":"https:\/\/visitpiatraneamt.ro\/en\/wp-json\/wp\/v2\/tags?post=401"}],"curies":[{"name":"wp","href":"https:\/\/api.w.org\/{rel}","templated":true}]}}